{"id":3173,"date":"2026-01-27T13:11:36","date_gmt":"2026-01-27T12:11:36","guid":{"rendered":"https:\/\/www.assessoriagarvi.com\/un-autonom-de-baixa-ha-de-continuar-pagant\/"},"modified":"2026-01-27T13:11:36","modified_gmt":"2026-01-27T12:11:36","slug":"un-autonom-de-baixa-ha-de-continuar-pagant","status":"publish","type":"post","link":"https:\/\/www.assessoriagarvi.com\/ca\/un-autonom-de-baixa-ha-de-continuar-pagant\/","title":{"rendered":"Un aut\u00f2nom de baixa ha de continuar pagant?"},"content":{"rendered":"<p>La quota d&#8217;aut\u00f2noms genera molts dubtes a molts aut\u00f2noms que estan comen\u00e7ant en el seu negoci o que s&#8217;enfronten per primera vegada a una nova situaci\u00f3. Com a <a href=\"https:\/\/www.assessoriagarvi.com\/asesoria-laboral-barcelona-online\/\">assessoria laboral a Barcelona<\/a> podem ajudar en aquesta mat\u00e8ria perqu\u00e8 <strong>prenguis les millors decisions<\/strong>.<\/p>\n<p>En aquest article vam <strong>ajudar amb algunes de les preguntes m\u00e9s freq\u00fcents<\/strong> que tenen a veure amb la quota d&#8217;aut\u00f2nom, des de qu\u00e8 passa quan hi ha baixes o dubtes amb les quanties.<\/p>\n<h2><strong>Qu\u00e8 passa quan un aut\u00f2nom es dona de baixa m\u00e8dica<\/strong><\/h2>\n<p>Quan un aut\u00f2nom no pot treballar es duu a terme el proc\u00e9s d&#8217; aut\u00f2nom de baixa seguretat social. Com succeeix amb els treballadors assalariats, <strong>els aut\u00f2noms tamb\u00e9 poden donar-se de baixa<\/strong> si tenen un problema de salut que els impedeixi treballar.<\/p>\n<p>\u00c9s en aquest cas quan s&#8217; inicia un proc\u00e9s administratiu que es coneix com a <strong>Incapacitat Temporal<\/strong>. Per activar aquest proc\u00e9s \u00e9s necessari acudir a un metge de cap\u00e7alera del servei p\u00fablic qui ser\u00e0 el responsable d&#8217; emetre el comunicat de baixa.<\/p>\n<p>A partir del moment en qu\u00e8 s&#8217;emeti el comunicat de baixa, l&#8217;aut\u00f2nom compta amb <strong>5 dies per notificar a la Seguretat Social<\/strong> la seva situaci\u00f3 a trav\u00e9s d&#8217;una &#8220;Declaraci\u00f3 de Situaci\u00f3 d&#8217;Activitat&#8221;. En aquesta declaraci\u00f3 s&#8217; explica qui es far\u00e0 c\u00e0rrec del negoci durant la baixa o, en el cas que no es pugui o es vulguin, si es produeix el cessament temporal de l&#8217; activitat.<\/p>\n<h2><strong>Un aut\u00f2nom de baixa, ha de continuar pagant la quota?<\/strong><\/h2>\n<p>La baixa laboral <strong>no impedeix que s&#8217;hagi de continuar pagant la quota<\/strong>, tot i que hi ha matisos temporals que s&#8217;han de tenir en compte. Un dels principals problemes que tenen els aut\u00f2noms \u00e9s que aquests estan obligats a pagar la seva quota a la Seguretat Social independentment del seu estat de salut, per\u00f2 durant les \u00faltimes reformes s&#8217;han dut a terme canvis substancials.<\/p>\n<p>En aquest sentit, la normativa actual sobre la quota aut\u00f2noms estant de baixa estableix que l&#8217;aut\u00f2nom haur\u00e0 de continuar pagant la seva quota d&#8217;aut\u00f2nom \u00fanicament durant els dos primers mesos de baixa. <strong>A partir del dia 61 d&#8217;incapacitat temporal l&#8217;aut\u00f2nom quedar\u00e0 exempt d&#8217;abonar la seva quota<\/strong>, sent la M\u00fatua col\u00b7laboradora o l&#8217;Institut Nacional de la Seguretat Social qui es faci c\u00e0rrec de la cotitzaci\u00f3 fins que es produeixi l&#8217;alta.<\/p>\n<h2><strong>Des de quan deixa de pagar-se la quota d&#8217;aut\u00f2noms<\/strong><\/h2>\n<p>Despr\u00e9s de les \u00faltimes reformes ser\u00e0 a partir del dia 61 despr\u00e9s de la baixa m\u00e8dica aut\u00f2noms en qu\u00e8 deixar\u00e0 de pagar-se la quota. Ser\u00e0 la <strong>M\u00fatua o l&#8217; Institut Nacional de la Seguretat Social<\/strong> els que s&#8217; encarreguin del pagament de la mateixa.<\/p>\n<h2><strong>Quant cobra un aut\u00f2nom de baixa <\/strong><\/h2>\n<p>Per saber quant cobra un aut\u00f2nom de baixa \u00e9s important tenir en compte que <strong>no hi ha una quota fixa<\/strong>. No ser\u00e0 el mateix quant cobra un aut\u00f2nom de baixa cotitzant el m\u00ednim en comparaci\u00f3 a una baixa per malaltia aut\u00f2noms per\u00f2 que estigui cotitzant per una quantitat m\u00e9s gran.<\/p>\n<p>A m\u00e9s de la cotitzaci\u00f3, tamb\u00e9 s&#8217;ha de tenir en compte la baixa per accident laboral aut\u00f2noms. \u00c9s molt important <strong>distingir entre una baixa per malaltia comuna i un accident laboral<\/strong>.<\/p>\n<p><strong>Entre els dies 1 i 3 si<\/strong> es deu a una malaltia comuna o un accident no laboral no es cobra res, mentre que si \u00e9s per un accident de treball o malaltia professional un 75% de la base reguladora.<\/p>\n<p><strong>Del dia 4 al 20<\/strong> en malaltia comuna o accident no laboral un 60% de la base reguladora, mentre que si \u00e9s accident de treball o malaltia professional ser\u00e0 un 75% de la base reguladora.<\/p>\n<p><strong>Del dia 21 en endavant<\/strong> es pagar\u00e0 el mateix sense importar el concepte, de nou, un <strong>75% de la base reguladora per a ambd\u00f3s casos<\/strong>.<\/p>\n<h2><strong>Quant cobra un aut\u00f2nom de baixa cotitzant el m\u00ednim<\/strong><\/h2>\n<p>Si un aut\u00f2nom cotitza per la base m\u00ednima que li correspon als seus ingressos, per exemple, una base de 950\u20ac, els primers 20 dies cobraria entre 10\u20ac i 11\u20ac diaris si \u00e9s una baixa per malaltia comuna. A partir del dia 21 cobraria 23 \u20ac diaris.<\/p>\n<h2><strong>Quant cobra un aut\u00f2nom de baixa per accident laboral<\/strong><\/h2>\n<p>Com hem vist abans, per saber quant cobra un aut\u00f2nom de baixa per accident laboral, l&#8217;aut\u00f2nom pot cobrar un <strong>75% de la seva base reguladora<\/strong> des del primer dia.<\/p>\n<h2><strong>Quant cobra un aut\u00f2nom de baixa per malaltia comuna<\/strong><\/h2>\n<p>En el cas de saber quant cobra un aut\u00f2nom de baixa per malaltia comuna la quantia variar\u00e0, com hem vist abans, des de no cobrar res fins a cobrar un <strong>60% de la base reguladora<\/strong> els primers dies del 4 al 20 i un <strong>75% del dia 21 en endavant<\/strong>.<\/p>\n<h2><strong>Quant cobra un aut\u00f2nom de baixa per operaci\u00f3<\/strong><\/h2>\n<p>No hi ha una quantia espec\u00edfica per a una baixa per operaci\u00f3. En aquests casos, per saber quant cobra un aut\u00f2nom de baixa per operaci\u00f3 la Seguretat Social el cataloga com a malaltia comuna, llevat que l&#8217; operaci\u00f3 sigui conseq\u00fc\u00e8ncia d&#8217; un accident de treball. En aquest cas <strong>s&#8217; aplicaran els percentatges del 60% i 75%<\/strong> que hem vist abans.<\/p>\n<h2><strong>Com es calcula la prestaci\u00f3 per incapacitat temporal<\/strong><\/h2>\n<p>Per obtenir la xifra exacta has de mirar la teva base de cotitzaci\u00f3 del mes anterior i dividir-la entre 30. A aquesta xifra di\u00e0ria se li ha d&#8217; <strong>aplicar un percentatge d&#8217; un 60% o 75%<\/strong> tenint en compte els casos que hem vist abans.<\/p>\n<p>Posem un exemple perqu\u00e8 quedi m\u00e9s clar. Un aut\u00f2nom que compta amb una base de cotitzaci\u00f3 de 1.500\u20ac t\u00e9 una base di\u00e0ria de 50\u20ac. Per al c\u00e0lcul prestaci\u00f3 aut\u00f2noms per un accident laboral <strong>cobrar\u00e0 un 75%<\/strong>, \u00e9s a dir, 37,50\u20ac per cada dia de baixa posterior a l&#8217;accident.<\/p>\n<h2><strong>Qui paga la baixa de l&#8217;aut\u00f2nom i quan es cobra<\/strong><\/h2>\n<p>Per norma general, qui paga la baixa de l&#8217;aut\u00f2nom \u00e9s la M\u00fatua Col\u00b7laboradora, tot i que en alguns casos pot ser l&#8217;INSS.<\/p>\n<p>El pagament es realitza per mesos ven\u00e7uts, arribant habitualment entre el dia <strong>28 i 30 de cada mes<\/strong>. \u00c9s important que tinguis en compte que aquest subsidi per baixa aut\u00f2noms no \u00e9s autom\u00e0tic, \u00e9s a dir, haur\u00e0s de sol\u00b7licitar-ho formalment a la m\u00fatua un cop hagis obtingut el comunicat de baixa m\u00e8dica.<\/p>\n<h2><strong>Quant temps pot estar un aut\u00f2nom de baixa<\/strong><\/h2>\n<p><strong>El temps m\u00e0xim baixa aut\u00f2noms \u00e9s de 365 dies<\/strong>. Quan s&#8217; arribi a l&#8217; any de baixa, l&#8217; \u00fanic organisme que pot prorrogar la baixa per uns altres 180 dies \u00e9s l&#8217; INSS. Aquesta pr\u00f2rroga podria dur-se a terme sempre que es consideri que el treballador es pot recuperar en aquest temps.<\/p>\n<p>En el cas que hagin transcorregut els 545 dies, \u00e9s a dir, els 18 mesos i la curaci\u00f3 no \u00e9s possible, s&#8217; iniciar\u00e0 d&#8217; ofici el <strong>tr\u00e0mit d&#8217; Incapacitat Permanent<\/strong>.<\/p>\n<h2><strong>Qu\u00e8 passa amb els impostos estant de baixa com a aut\u00f2nom<\/strong><\/h2>\n<p>De la mateixa manera que succeeix amb la quota d&#8217;aut\u00f2noms, <strong>el per\u00edode de baixa no eximeix el pagament dels impostos<\/strong>. Tot i que no estiguis facturant, sempre que mantinguis la teva alta al Cens d&#8217;Empresaris, haur\u00e0s de seguir presentant les declaracions trimestrals d&#8217;IVA aut\u00f2nom de baixa i el resum anual.<\/p>\n<p>En el cas que no hi hagi ingressos les declaracions seran negatives o sense activitat Malgrat aix\u00f2, sempre est\u00e0s obligat a presentar-los i en el cas que no ho facis <strong>t&#8217;arrisques a sancions<\/strong>. Les despeses continuaran sent dedu\u00efbles, sempre que estiguin vinculades a l&#8217; activitat i podr\u00e0s meritar-les durant la baixa.<\/p>\n<h2><strong>Errors habituals dels aut\u00f2noms durant una baixa<\/strong><\/h2>\n<p>Un dels errors m\u00e9s habituals i que es considera com una infracci\u00f3 d&#8217;all\u00f2 m\u00e9s greu \u00e9s <strong>treballar des de casa estant de baixa<\/strong>. Si la Inspecci\u00f3 de Treball detecta que un aut\u00f2nom est\u00e0 atenent clients o duu a terme certes gestions mentre rep la prestaci\u00f3 perdr\u00e0 el subsidi i s&#8217;exposar\u00e0 a multes importants.<\/p>\n<p>Un altre error habitual \u00e9s el que hem comentat en l&#8217;apartat anterior, <strong>no presentar les declaracions d&#8217;IVA o IRPF<\/strong> en pensar que estant de baixa no ha de pagar impostos en no tenir facturaci\u00f3 aut\u00f2nom de baixa.<br \/>\nD&#8217;altra banda, tamb\u00e9 sol ser un error bastant habitual l&#8217;oblidar-se presentar la <strong>declaraci\u00f3 de situaci\u00f3 d&#8217;activitat en els 5 dies posteriors a la baixa<\/strong>. Aquest error podria paralitzar el cobrament de la prestaci\u00f3.<\/p>\n<p>Finalment, <strong>desatendre les notificacions de la M\u00fatua<\/strong>. \u00c9s possible que la M\u00fatua et citi a revisions m\u00e8diques per comprovar el teu estat de salut. En el cas de no acudir sense causa justificada es produir\u00e0 la suspensi\u00f3 immediata de la baixa.<\/p>\n<h2><strong>Recomanacions per a aut\u00f2noms que preveuen una baixa m\u00e8dica<\/strong><\/h2>\n<p>Convertir-se en aut\u00f2nom pot ser una activitat de risc per a moltes persones a causa de les precarietats que encara han d&#8217;afrontar. Per aquest motiu \u00e9s molt important i recomanat <strong>contractar una asseguran\u00e7a de baixa<\/strong> per estar protegida davant els problemes.<\/p>\n<p>Com hem vist, algunes prestacions de la Seguretat Social poden ser redu\u00efdes en el cas d&#8217;una baixa, per la qual cosa comptar amb una <strong>asseguran\u00e7a que aporti 30\u20ac o 50\u20ac<\/strong> diaris pot ser una bona ajuda per a l&#8217;impacte econ\u00f2mic baixa aut\u00f2noms.<\/p>\n<p>Tamb\u00e9 et recomanem que actualitzis les teves finances i comptis amb un <strong>sistema de facturaci\u00f3 al n\u00favol<\/strong>. Amb aquest sistema podr\u00e0s gestionar els teus impostos sense necessitat de despla\u00e7ar-te, una cosa fonamental en una baixa llarga durada aut\u00f2noms.<\/p>\n<p>Finalment, i com succeeix en altres professions, comptar amb un fons d&#8217;emerg\u00e8ncia et pot ajudar en moltes situacions. Un <strong>matal\u00e0s financer equivalent a 3 mesos de quotes i despeses fixes<\/strong> pot ser de gran ajuda quan la protecci\u00f3 social aut\u00f2noms \u00e9s tan baixa. Aix\u00ed podr\u00e0s sobreposar-te a alguns dels problemes habituals baixa aut\u00f2noms amb m\u00e9s seguretat.<\/p>\n","protected":false},"excerpt":{"rendered":"<p>Un aut\u00f2nom de baixa ha de continuar pagant? T&#8217;expliquem la quota i quant es cobra segons el tipus de baixa, pas a pas.<\/p>\n","protected":false},"author":1,"featured_media":2978,"comment_status":"closed","ping_status":"closed","sticky":false,"template":"","format":"standard","meta":{"_seopress_robots_primary_cat":"none","_seopress_titles_title":"Un aut\u00f2nom de baixa ha de continuar pagant la quota?","_seopress_titles_desc":"Un aut\u00f2nom de baixa ha de continuar pagant? T'expliquem la quota i quant es cobra segons el tipus de baixa, pas a pas.","_seopress_robots_index":"","_et_pb_use_builder":"","_et_pb_old_content":"","_et_gb_content_width":"","footnotes":""},"categories":[44],"tags":[],"class_list":["post-3173","post","type-post","status-publish","format-standard","has-post-thumbnail","hentry","category-autonoms"],"_links":{"self":[{"href":"https:\/\/www.assessoriagarvi.com\/ca\/wp-json\/wp\/v2\/posts\/3173","targetHints":{"allow":["GET"]}}],"collection":[{"href":"https:\/\/www.assessoriagarvi.com\/ca\/wp-json\/wp\/v2\/posts"}],"about":[{"href":"https:\/\/www.assessoriagarvi.com\/ca\/wp-json\/wp\/v2\/types\/post"}],"author":[{"embeddable":true,"href":"https:\/\/www.assessoriagarvi.com\/ca\/wp-json\/wp\/v2\/users\/1"}],"replies":[{"embeddable":true,"href":"https:\/\/www.assessoriagarvi.com\/ca\/wp-json\/wp\/v2\/comments?post=3173"}],"version-history":[{"count":0,"href":"https:\/\/www.assessoriagarvi.com\/ca\/wp-json\/wp\/v2\/posts\/3173\/revisions"}],"wp:featuredmedia":[{"embeddable":true,"href":"https:\/\/www.assessoriagarvi.com\/ca\/wp-json\/wp\/v2\/media\/2978"}],"wp:attachment":[{"href":"https:\/\/www.assessoriagarvi.com\/ca\/wp-json\/wp\/v2\/media?parent=3173"}],"wp:term":[{"taxonomy":"category","embeddable":true,"href":"https:\/\/www.assessoriagarvi.com\/ca\/wp-json\/wp\/v2\/categories?post=3173"},{"taxonomy":"post_tag","embeddable":true,"href":"https:\/\/www.assessoriagarvi.com\/ca\/wp-json\/wp\/v2\/tags?post=3173"}],"curies":[{"name":"wp","href":"https:\/\/api.w.org\/{rel}","templated":true}]}}