{"id":3168,"date":"2025-12-20T10:38:57","date_gmt":"2025-12-20T09:38:57","guid":{"rendered":"https:\/\/www.assessoriagarvi.com\/com-planificar-vacances-i-festius-sense-perdre-productivitat\/"},"modified":"2025-12-20T10:38:57","modified_gmt":"2025-12-20T09:38:57","slug":"com-planificar-vacances-i-festius-sense-perdre-productivitat","status":"publish","type":"post","link":"https:\/\/www.assessoriagarvi.com\/ca\/com-planificar-vacances-i-festius-sense-perdre-productivitat\/","title":{"rendered":"Com planificar vacances i festius sense perdre productivitat"},"content":{"rendered":"<p>Planificar vacances i festius no \u00e9s nom\u00e9s q\u00fcesti\u00f3 de calendari: \u00e9s una estrat\u00e8gia per mantenir la productivitat i el benestar de l&#8217; equip. Si no es gestiona b\u00e9, pot convertir-se en un caos que afecta clients, ingressos i clima laboral.<\/p>\n<p>\ud83d\udc49 Relacionat: <a href=\"https:\/\/www.assessoriagarvi.com\/ca\/com-gestionar-els-festius-a-la-teva-empresa-sense-conflictes-i-amb-criteri\/\">Com gestionar els festius a la teva empresa sense conflictes (i amb criteri)<\/a><\/p>\n<p>Per qu\u00e8 \u00e9s important planificar amb antelaci\u00f3<\/p>\n<p>\u2192 Evita acumulaci\u00f3 d&#8217;abs\u00e8ncies en dates cr\u00edtiques.<br \/>\n\u2192 Redueix l&#8217;estr\u00e8s de l&#8217;equip i millora l&#8217;organitzaci\u00f3.<br \/>\n\u2192 Permet ajustar c\u00e0rregues de treball i mantenir l&#8217; atenci\u00f3 al client.<\/p>\n<p><em>Aqu\u00ed tens algunes estrat\u00e8gies per no perdre productivitat<\/em><br \/>\n1. Calendari compartit<br \/>\nUsa eines digitals perqu\u00e8 tot l&#8217;equip vegi qui est\u00e0 disponible.<\/p>\n<p>2. Pol\u00edtica clara de vacances i festius<br \/>\nDefineix terminis per demanar vacances i com es compensen els festius.<br \/>\n\ud83d\udc49 Consulta els nostres <a href=\"https:\/\/www.assessoriagarvi.com\/manuales\/\">manuals<\/a><\/p>\n<p>3. Planificaci\u00f3 per \u00e0rees cr\u00edtiques<br \/>\nIdentifica els llocs clau i assegura cobertura en dates sensibles.<\/p>\n<p>4. Flexibilitat i teletreball<br \/>\nOfereix opcions per mantenir operacions sense sobrecarregar l&#8217;equip.<\/p>\n<p><strong>Aquests s\u00f3n els beneficis d&#8217;una bona planificaci\u00f3 que vas aconseguir si ho poses en marxa<\/strong><\/p>\n<p>\u2192 Evita conflictes interns i millora el clima laboral.<br \/>\n\u2192 Optimitza recursos i redueix costos per improvisaci\u00f3.<br \/>\n\u2192 Compleix amb la normativa i evita sancions.<\/p>\n<p><a href=\"https:\/\/www.assessoriagarvi.com\/ca\/contacte\/\">Solicita tu revisi\u00f3n<\/a><\/p>\n","protected":false},"excerpt":{"rendered":"<p>Apr\u00e8n a organitzar vacances i festius a la teva empresa sense afectar la productivitat. Descobreix estrat\u00e8gies i eines per evitar conflictes.<\/p>\n","protected":false},"author":1,"featured_media":2748,"comment_status":"closed","ping_status":"closed","sticky":false,"template":"","format":"standard","meta":{"_seopress_robots_primary_cat":"none","_seopress_titles_title":"Com planificar vacances i festius sense perdre productivitat","_seopress_titles_desc":"Apr\u00e8n a organitzar vacances i festius a la teva empresa sense afectar la productivitat. Descobreix estrat\u00e8gies i eines per evitar conflictes.","_seopress_robots_index":"","_et_pb_use_builder":"","_et_pb_old_content":"","_et_gb_content_width":"","footnotes":""},"categories":[36],"tags":[96,80,95,93,81,94],"class_list":["post-3168","post","type-post","status-publish","format-standard","has-post-thumbnail","hentry","category-contractacio","tag-evitar-conflictes-laborals","tag-gestio-de-festius","tag-normativa-laboral","tag-planificacio-vacances","tag-politica-laboral-clara","tag-productivitat-empresarial"],"_links":{"self":[{"href":"https:\/\/www.assessoriagarvi.com\/ca\/wp-json\/wp\/v2\/posts\/3168","targetHints":{"allow":["GET"]}}],"collection":[{"href":"https:\/\/www.assessoriagarvi.com\/ca\/wp-json\/wp\/v2\/posts"}],"about":[{"href":"https:\/\/www.assessoriagarvi.com\/ca\/wp-json\/wp\/v2\/types\/post"}],"author":[{"embeddable":true,"href":"https:\/\/www.assessoriagarvi.com\/ca\/wp-json\/wp\/v2\/users\/1"}],"replies":[{"embeddable":true,"href":"https:\/\/www.assessoriagarvi.com\/ca\/wp-json\/wp\/v2\/comments?post=3168"}],"version-history":[{"count":0,"href":"https:\/\/www.assessoriagarvi.com\/ca\/wp-json\/wp\/v2\/posts\/3168\/revisions"}],"wp:featuredmedia":[{"embeddable":true,"href":"https:\/\/www.assessoriagarvi.com\/ca\/wp-json\/wp\/v2\/media\/2748"}],"wp:attachment":[{"href":"https:\/\/www.assessoriagarvi.com\/ca\/wp-json\/wp\/v2\/media?parent=3168"}],"wp:term":[{"taxonomy":"category","embeddable":true,"href":"https:\/\/www.assessoriagarvi.com\/ca\/wp-json\/wp\/v2\/categories?post=3168"},{"taxonomy":"post_tag","embeddable":true,"href":"https:\/\/www.assessoriagarvi.com\/ca\/wp-json\/wp\/v2\/tags?post=3168"}],"curies":[{"name":"wp","href":"https:\/\/api.w.org\/{rel}","templated":true}]}}