{"id":2722,"date":"2025-12-07T10:58:39","date_gmt":"2025-12-07T09:58:39","guid":{"rendered":"https:\/\/www.assessoriagarvi.com\/com-gestionar-els-festius-a-la-teva-empresa-sense-conflictes-i-amb-criteri\/"},"modified":"2025-12-07T10:58:39","modified_gmt":"2025-12-07T09:58:39","slug":"com-gestionar-els-festius-a-la-teva-empresa-sense-conflictes-i-amb-criteri","status":"publish","type":"post","link":"https:\/\/www.assessoriagarvi.com\/ca\/com-gestionar-els-festius-a-la-teva-empresa-sense-conflictes-i-amb-criteri\/","title":{"rendered":"Com gestionar els festius a la teva empresa sense conflictes (i amb criteri)"},"content":{"rendered":"<p>Si tu desconnectes, que no sigui perqu\u00e8 el teu equip est\u00e0 endollat sense saber per qu\u00e8<\/p>\n<p>Avui \u00e9s festiu a Catalunya.<br \/>\nMentre alguns negocis tanquen, d&#8217;altres continuen oberts com si res.<br \/>\nEl mateix passa a les Falles, La Tamborrada o l&#8217;Almudena.<br \/>\nJo mateixa vaig treballar fa molts anys en festius sense saber si me&#8217;ls anaven a pagar&#8230; o si simplement me&#8217;ls anaven a agrair amb un &#8220;gr\u00e0cies, guapa&#8221;.<\/p>\n<p>Saps qu\u00e8 passa a la teva empresa quan arriba un festiu?<br \/>\nPerqu\u00e8 una cosa \u00e9s que tu decideixis treballar.<br \/>\nUna altra de molt diferent \u00e9s que el teu equip ho faci sense saber si s&#8217;ho compensaran, pagar o recon\u00e8ixer.<\/p>\n<p>? Imagina aix\u00f2:<br \/>\nLa teva cambrera treballa el festiu del 15 d&#8217;agost.<br \/>\nNo sap si li toca descans,si<br \/>\n li pagaran m\u00e9s,o<br \/>\n si ho apunten per &#8220;ja veurem&#8221;.<br \/>\nEt sembla just?<\/p>\n<p>El descans no \u00e9s nom\u00e9s legal. \u00c9s emocional, estrat\u00e8gic i econ\u00f2mic.<br \/>\nCom a empresari, tu decideixes si el converteixes en un dret clar&#8230; o en una font de conflictes.<br \/>\nPer aix\u00f2, tenir una pol\u00edtica laboral clara no \u00e9s opcional: <\/p>\n<p>Evita problemes legals.<br \/>\nRefor\u00e7a la confian\u00e7a de l&#8217;equip.<br \/>\nMillora la planificaci\u00f3 econ\u00f2mica.<\/p>\n<p>? Descobreix com dissenyar una pol\u00edtica <a href=\"https:\/\/www.assessoriagarvi.com\/asesoria-laboral-barcelona-online\/?_gl=1*yo6uek*_up*MQ..*_ga*MjEwMDc5NzQ3MC4xNzY1MTAwNjkz*_ga_S8F4Z38RNP*czE3NjUxMDA2OTIkbzEkZzAkdDE3NjUxMDA2OTIkajYwJGwwJGgw\">laboral<\/a> s\u00f2lida.<\/p>\n<p>Com pots comen\u00e7ar a revisar la teva gesti\u00f3 de festius?<\/p>\n<p>Perqu\u00e8 cuidar l&#8217;equip no \u00e9s nom\u00e9s tenir bon rotllo:<br \/>\n\u00e9s tenir criteri, previsi\u00f3 i normes clares.<\/p>\n<p>Revisa si a la nostra secci\u00f3 de <a href=\"https:\/\/www.assessoriagarvi.com\/manuales\/?_gl=16u89ei_upMQ.._gaODYyNjk3MDMuMTc2NTEwMDE1NA.._ga_S8F4Z38RNP*czE3NjUxMDAxNTQkbzEkZzAkdDE3NjUxMDAxNTQkajYwJGwwJGgw.\">manuals<\/a> pots tenir un document que ajudi el teu negoci.<br \/>\n? Desc\u00e0rgal juntament amb altres recursos en les nostres<br \/>\nPreguntes per reflexionar:<\/p>\n<p>El teu equip descansa com hauria de?<br \/>\nTens clar com compensar els festius?<\/p>\n<p>Si la resposta \u00e9s &#8220;no&#8221; o &#8220;no estic segur&#8221;, t&#8217;ajudem a revisar la teva pol\u00edtica laboral.<br \/>\nDemana una revisi\u00f3 completa <a href=\"https:\/\/www.assessoriagarvi.com\/ca\/contacte\/\">aqu\u00ed<\/a> <\/p>\n<p>Per qu\u00e8 \u00e9s important?<br \/>\nPerqu\u00e8 els festius mal gestionats no nom\u00e9s generen conflictes:<\/p>\n<p>Poden costar-te sancions.<br \/>\nPoden afectar la motivaci\u00f3 i la productivitat.<\/p>\n<p>Decidir amb criteri \u00e9s la teva millor inversi\u00f3.<\/p>\n<p>S\u00f2nia Garcia Usero<br \/>\nDirectora Consulting i Assessoria Garvi  <\/p>\n","protected":false},"excerpt":{"rendered":"<p>El teu equip treballa en festius sense saber si es compensen? Descobreix com evitar conflictes i millorar la teva pol\u00edtica laboral. Demana revisi\u00f3 ara!  <\/p>\n","protected":false},"author":1,"featured_media":2758,"comment_status":"closed","ping_status":"closed","sticky":false,"template":"","format":"standard","meta":{"_seopress_robots_primary_cat":"none","_seopress_titles_title":"Com gestionar els festius a la teva empresa sense conflictes (i amb criteri)","_seopress_titles_desc":"El teu equip treballa en festius sense saber si es compensen? Descobreix com evitar conflictes i millorar la teva pol\u00edtica laboral. Demana revisi\u00f3 ara!  ","_seopress_robots_index":"","_et_pb_use_builder":"","_et_pb_old_content":"","_et_gb_content_width":"","footnotes":""},"categories":[36,35],"tags":[83,82,85,86,80,84,81],"class_list":["post-2722","post","type-post","status-publish","format-standard","has-post-thumbnail","hentry","category-contractacio","category-cotitzacio","tag-assessoria-laboral","tag-compensacio-festius","tag-descans-equip","tag-evitar-sancions-laborals","tag-gestio-de-festius","tag-normativa-festius","tag-politica-laboral-clara"],"_links":{"self":[{"href":"https:\/\/www.assessoriagarvi.com\/ca\/wp-json\/wp\/v2\/posts\/2722","targetHints":{"allow":["GET"]}}],"collection":[{"href":"https:\/\/www.assessoriagarvi.com\/ca\/wp-json\/wp\/v2\/posts"}],"about":[{"href":"https:\/\/www.assessoriagarvi.com\/ca\/wp-json\/wp\/v2\/types\/post"}],"author":[{"embeddable":true,"href":"https:\/\/www.assessoriagarvi.com\/ca\/wp-json\/wp\/v2\/users\/1"}],"replies":[{"embeddable":true,"href":"https:\/\/www.assessoriagarvi.com\/ca\/wp-json\/wp\/v2\/comments?post=2722"}],"version-history":[{"count":0,"href":"https:\/\/www.assessoriagarvi.com\/ca\/wp-json\/wp\/v2\/posts\/2722\/revisions"}],"wp:featuredmedia":[{"embeddable":true,"href":"https:\/\/www.assessoriagarvi.com\/ca\/wp-json\/wp\/v2\/media\/2758"}],"wp:attachment":[{"href":"https:\/\/www.assessoriagarvi.com\/ca\/wp-json\/wp\/v2\/media?parent=2722"}],"wp:term":[{"taxonomy":"category","embeddable":true,"href":"https:\/\/www.assessoriagarvi.com\/ca\/wp-json\/wp\/v2\/categories?post=2722"},{"taxonomy":"post_tag","embeddable":true,"href":"https:\/\/www.assessoriagarvi.com\/ca\/wp-json\/wp\/v2\/tags?post=2722"}],"curies":[{"name":"wp","href":"https:\/\/api.w.org\/{rel}","templated":true}]}}