{"id":2456,"date":"2025-03-25T17:30:07","date_gmt":"2025-03-25T16:30:07","guid":{"rendered":"https:\/\/www.assessoriagarvi.com\/el-meu-certificat-digital-no-serveix-per-representar-la-meva-empresa-haig-de-demanar-ne-un-altre-de-diferent\/"},"modified":"2025-03-25T17:30:07","modified_gmt":"2025-03-25T16:30:07","slug":"el-meu-certificat-digital-no-serveix-per-representar-la-meva-empresa-haig-de-demanar-ne-un-altre-de-diferent","status":"publish","type":"post","link":"https:\/\/www.assessoriagarvi.com\/ca\/el-meu-certificat-digital-no-serveix-per-representar-la-meva-empresa-haig-de-demanar-ne-un-altre-de-diferent\/","title":{"rendered":"El meu certificat digital no serveix per representar la meva empresa? Haig de demanar-ne un altre de diferent?"},"content":{"rendered":"<p>\u00c9s completament normal tenir dubtes, quan decideixes transformar el teu negoci aut\u00f2nom en una empresa.<br \/>\nDe veritat, hi ha persones que estan passant ara pel mateix que tu.<\/p>\n<p>\u21b3 Entusiasme<br \/>\n\u21b3 Incertesa<br \/>\n\u21b3 Aquesta petita veu que pregunta: &#8220;Estic fent el correcte?&#8221;<\/p>\n<p>I no se&#8217;n va aquesta veu, cada vegada que d&#8217;un pas nou apareix.<br \/>\nA mi tamb\u00e9.<\/p>\n<p>L&#8217;acallo, li explico que entenc que no vol que em faci &#8220;dany&#8221;, vaig seguir igualment, vaig fer el pas, encara que sigui amb por.<\/p>\n<p>Al principi, entendre la difer\u00e8ncia entre<br \/>\n\u2192 El certificat personal<br \/>\n\u2192 I el certificat de la teva empresa<br \/>\nSembla un altre obstacle.<\/p>\n<p>Per\u00f2 pensa que \u00e9s una clau que obrir\u00e0 portes diferents: les personals i les del teu negoci.<br \/>\n2 portes = 2 certificats<br \/>\n Sabies que el certificat de la teva empresa \u00e9s diferent del que tens al teu nom?<br \/>\nFins ara t&#8217;era indiferent, tu i el teu negoci era la mateixa persona, ara ja no.<\/p>\n<p>Tu ets la persona que representa el teu negoci, formes part de l&#8217;administraci\u00f3 de la teva empresa.<\/p>\n<p>Aqu\u00ed van les difer\u00e8ncies:<\/p>\n<p>Certificat personal<br \/>\n\u21b3 Aquest certificat est\u00e0 al teu nom com a individu.<br \/>\n\u21b3 Pots demanar una subvenci\u00f3 per al col\u00b7le dels teus fills.<br \/>\n\u21b3Vas signar documents a t\u00edtol personal.<\/p>\n<p>Certificat d&#8217;empresa<br \/>\n\u21b3 Aquest certificat et vincula com a representant del teu negoci.<br \/>\n\u21b3 Pots presentar un escrit davant Hisenda representant el teu negoci<br \/>\n\u21b3 Vas signar documents en nom del teu negoci.<\/p>\n<p>Ho havies vist alguna vegada aix\u00ed?<\/p>\n<p>Tinc un manual que t&#8217;ajuda si vols crear el teu SL, fer aquest pas i no ho tens clar.<\/p>\n<p>En breu t&#8217;ho presentar\u00e9.<\/p>\n<p>T&#8217;interessaria tenir-lo?<\/p>\n","protected":false},"excerpt":{"rendered":"<p>\u00c9s completament normal tenir dubtes, quan decideixes transformar el teu negoci aut\u00f2nom en una empresa. De veritat, hi ha persones que estan passant ara pel mateix que tu. \u21b3 Entusiasme \u21b3 Incertesa \u21b3 Aquesta petita veu que pregunta: &#8220;Estic fent el correcte?&#8221; I no se&#8217;n va aquesta veu, cada vegada que d&#8217;un pas nou apareix. [&hellip;]<\/p>\n","protected":false},"author":1,"featured_media":2454,"comment_status":"closed","ping_status":"closed","sticky":false,"template":"","format":"standard","meta":{"_seopress_robots_primary_cat":"none","_seopress_titles_title":"Certificat Digital empresa | Assessoria Garvi","_seopress_titles_desc":"El meu certificat digital no serveix per representar la meva empresa? Haig de demanar-ne un altre de diferent? \u00c9s completament normal tenir dubtes, \u00a1nosaltres les resolem!  ","_seopress_robots_index":"","_et_pb_use_builder":"","_et_pb_old_content":"","_et_gb_content_width":"","footnotes":""},"categories":[38],"tags":[],"class_list":["post-2456","post","type-post","status-publish","format-standard","has-post-thumbnail","hentry","category-certificat-digital"],"_links":{"self":[{"href":"https:\/\/www.assessoriagarvi.com\/ca\/wp-json\/wp\/v2\/posts\/2456","targetHints":{"allow":["GET"]}}],"collection":[{"href":"https:\/\/www.assessoriagarvi.com\/ca\/wp-json\/wp\/v2\/posts"}],"about":[{"href":"https:\/\/www.assessoriagarvi.com\/ca\/wp-json\/wp\/v2\/types\/post"}],"author":[{"embeddable":true,"href":"https:\/\/www.assessoriagarvi.com\/ca\/wp-json\/wp\/v2\/users\/1"}],"replies":[{"embeddable":true,"href":"https:\/\/www.assessoriagarvi.com\/ca\/wp-json\/wp\/v2\/comments?post=2456"}],"version-history":[{"count":0,"href":"https:\/\/www.assessoriagarvi.com\/ca\/wp-json\/wp\/v2\/posts\/2456\/revisions"}],"wp:featuredmedia":[{"embeddable":true,"href":"https:\/\/www.assessoriagarvi.com\/ca\/wp-json\/wp\/v2\/media\/2454"}],"wp:attachment":[{"href":"https:\/\/www.assessoriagarvi.com\/ca\/wp-json\/wp\/v2\/media?parent=2456"}],"wp:term":[{"taxonomy":"category","embeddable":true,"href":"https:\/\/www.assessoriagarvi.com\/ca\/wp-json\/wp\/v2\/categories?post=2456"},{"taxonomy":"post_tag","embeddable":true,"href":"https:\/\/www.assessoriagarvi.com\/ca\/wp-json\/wp\/v2\/tags?post=2456"}],"curies":[{"name":"wp","href":"https:\/\/api.w.org\/{rel}","templated":true}]}}