{"id":2205,"date":"2024-11-11T13:17:48","date_gmt":"2024-11-11T12:17:48","guid":{"rendered":"https:\/\/www.assessoriagarvi.com\/no-se-que-fer-facturo-molt-poc-i-no-cobrire-despeses\/"},"modified":"2024-11-11T13:17:48","modified_gmt":"2024-11-11T12:17:48","slug":"no-se-que-fer-facturo-molt-poc-i-no-cobrire-despeses","status":"publish","type":"post","link":"https:\/\/www.assessoriagarvi.com\/ca\/no-se-que-fer-facturo-molt-poc-i-no-cobrire-despeses\/","title":{"rendered":"No s\u00e9 qu\u00e8 fer? Facturo molt poc i no cobrir\u00e9 despeses."},"content":{"rendered":"<p>Donar-se d&#8217;alta com a aut\u00f2nom \u00e9s una decisi\u00f3 important, i comprenc que puguis tenir dubtes.<br \/>\nEt preocupa que factures poc Qu\u00e8 passa si nom\u00e9s factures 2 vegades a l&#8217;any?<br \/>\nPotser la teva facturaci\u00f3 es concentra en una part de l&#8217;any concreta. I \u00bfSi factures molt poquet, per\u00f2 cada mes? Els costos dels aut\u00f2noms se t&#8217;han de menjar el que factures, no generes prou. I ara qu\u00e8? Quan has de donar-te d&#8217;alta com a aut\u00f2nom?<\/p>\n<p><strong>Has de donar-te d&#8217;alta si vas a realitzar de manera habitual una activitat econ\u00f2mica per compte propi.<\/strong><\/p>\n<p><strong>Aix\u00f2 aplica independentment dels ingressos que generis.<\/strong><\/p>\n<p><strong>Aquest \u00e9s el punt de partida.<br \/>\n<\/strong><em>I s\u00ed, en certs casos pots facturar sense cotitzar per aut\u00f2noms<\/em>. Pren nota del que has de complir: \u270d? Un dels punts clau a tenir en compte \u00e9s el criteri d&#8217;HABITUABILITAT, que la facturaci\u00f3 no sigui recurrent. \u270d? No tenir local. \u270d? Sigui una activitat MARGINAL. \u270d? No superar el salari M\u00ednim interprofessional, que el 2024 rs de 1.134 \u20ac amb 14 pagues, 15.876 \u20ac anuals. Millor no superar-lo ni mensualment, ni anualment.<\/p>\n<ul>\n<li>Aquesta interpretaci\u00f3 s&#8217;ha acabat assentant com a mesura objectiva per determinar si has de donar-te d&#8217;alta d&#8217;aut\u00f2nom.<\/li>\n<li>La Seguretat Social es reafirma en l&#8217;obligatorietat de donar-se d&#8217;alta com a aut\u00f2nom amb independ\u00e8ncia dels ingressos.<\/li>\n<li>Hisenda, \u00f2bviament el que vol \u00e9s que declaris tots els teus ingressos. Aquesta \u00e9s la seva prioritat i l&#8217;alta o no d&#8217;aut\u00f2noms \u00e9s una cosa per a la qual es remeten a la Seguretat Social. <\/li>\n<\/ul>\n<p>Per tant, per facturar has de donar-te d&#8217;alta mitjan\u00e7ant la presentaci\u00f3 del model 036 o 037 i tributar els corresponents impostos: IRPF per les rendes que generi la teva activitat i l&#8217;IVA facturat i cobrat per la mateixa. \u2705 Fes una factura amb retenci\u00f3. \u2705 En la declaraci\u00f3 de la renda l&#8217;has de declarar com a rendiment del treball i no com a rendiment d&#8217;activitat professional.<\/p>\n<p><strong>Altres solucions<\/strong><\/p>\n<p>\u2705 Et pots donar d&#8217;alta amb una quota bonificada, per\u00f2 CURA, en el moment que tramitis la baixa, perds la bonificaci\u00f3. \u2705 Un cop has perdut la bonificaci\u00f3, pots concentrar factures i donar-te d&#8217;alta alguns mesos, setmanes i despr\u00e9s donar-te de baixa de nou.<\/p>\n<p><em>Fins a 3 vegades et pots donar d&#8217;alta i de baixa en el mateix any i pagar proporcionalment la quota d&#8217;aut\u00f2noms des de la data d&#8217;alta\/baixa i sense comptar la mensualitat completa<\/em><\/p>\n<p><strong>\u00bfPer\u00f2, la formaci\u00f3 est\u00e0 exempta? En aquest cas heu de donar-me d&#8217;alta en hisenda? <\/strong><\/p>\n<p>Aqu\u00ed tenim una excepci\u00f3. La Llei de l&#8217;Impost estableix que &#8220;estaran exemptes de l&#8217;IVA les activitats formatives d&#8217;educaci\u00f3 de la inf\u00e0ncia i de la joventut, la guarda i cust\u00f2dia d&#8217;infants, l&#8217;ensenyament escolar, universitari i de postgraduats, l&#8217;ensenyament d&#8217;idiomes i la formaci\u00f3 i reciclatge professional&#8221;. Qu\u00e8 passa si la teva activitat \u00e9s la de formaci\u00f3? Vas donar classes, pon\u00e8ncies&#8230; La formaci\u00f3 est\u00e0 exempta d&#8217;IVA, aix\u00ed que, Si compleixes tots els requisits i la teva activitat no porta IVA, \u2705 Hisenda no et pot exigir l&#8217;alta, ja que no tindr\u00e0s obligacions fiscals, excepte la renda.<\/p>\n<p><strong>Igual que en la situaci\u00f3 anterior:<\/strong><\/p>\n<p>\u2705 Fes una factura amb retenci\u00f3<br \/>\n\u2705 En la declaraci\u00f3 de la renda l&#8217;has de declarar com a rendiments del treball. No oblidis que aix\u00f2 \u00e9s una mesura objectiva no escrita, de moment est\u00e0 acceptada, aix\u00f2 no implica en la Seguretat Social una campanya i sancionar per no estar cotitzant. Fins aquest moment jo no he vist cap sanci\u00f3 al respecte. ??<\/p>\n<p>&nbsp;<\/p>\n<p>??L&#8217;assessoria que t&#8217;ajuda a visualitzar el teu Negoci<\/p>\n","protected":false},"excerpt":{"rendered":"<p>Donar-se d&#8217;alta com a aut\u00f2nom \u00e9s una decisi\u00f3 important, i comprenc que puguis tenir dubtes. Et preocupa que factures poc Qu\u00e8 passa si nom\u00e9s factures 2 vegades a l&#8217;any? Potser la teva facturaci\u00f3 es concentra en una part de l&#8217;any concreta. I \u00bfSi factures molt poquet, per\u00f2 cada mes? Els costos dels aut\u00f2noms se t&#8217;han [&hellip;]<\/p>\n","protected":false},"author":1,"featured_media":2191,"comment_status":"closed","ping_status":"closed","sticky":false,"template":"","format":"standard","meta":{"_seopress_robots_primary_cat":"none","_seopress_titles_title":"No s\u00e9 qu\u00e8 fer? Facturo molt poc i no cobrir\u00e9 despeses. ","_seopress_titles_desc":"Donar-se d'alta com a aut\u00f2nom \u00e9s una decisi\u00f3 important, i comprenc que puguis tenir dubtes. Et preocupa que factures poc Qu\u00e8 passa si nom\u00e9s factures 2 vegades a l'any? ","_seopress_robots_index":"","_et_pb_use_builder":"","_et_pb_old_content":"","_et_gb_content_width":"","footnotes":""},"categories":[28,34],"tags":[],"class_list":["post-2205","post","type-post","status-publish","format-standard","has-post-thumbnail","hentry","category-despeses","category-negoci"],"_links":{"self":[{"href":"https:\/\/www.assessoriagarvi.com\/ca\/wp-json\/wp\/v2\/posts\/2205","targetHints":{"allow":["GET"]}}],"collection":[{"href":"https:\/\/www.assessoriagarvi.com\/ca\/wp-json\/wp\/v2\/posts"}],"about":[{"href":"https:\/\/www.assessoriagarvi.com\/ca\/wp-json\/wp\/v2\/types\/post"}],"author":[{"embeddable":true,"href":"https:\/\/www.assessoriagarvi.com\/ca\/wp-json\/wp\/v2\/users\/1"}],"replies":[{"embeddable":true,"href":"https:\/\/www.assessoriagarvi.com\/ca\/wp-json\/wp\/v2\/comments?post=2205"}],"version-history":[{"count":0,"href":"https:\/\/www.assessoriagarvi.com\/ca\/wp-json\/wp\/v2\/posts\/2205\/revisions"}],"wp:featuredmedia":[{"embeddable":true,"href":"https:\/\/www.assessoriagarvi.com\/ca\/wp-json\/wp\/v2\/media\/2191"}],"wp:attachment":[{"href":"https:\/\/www.assessoriagarvi.com\/ca\/wp-json\/wp\/v2\/media?parent=2205"}],"wp:term":[{"taxonomy":"category","embeddable":true,"href":"https:\/\/www.assessoriagarvi.com\/ca\/wp-json\/wp\/v2\/categories?post=2205"},{"taxonomy":"post_tag","embeddable":true,"href":"https:\/\/www.assessoriagarvi.com\/ca\/wp-json\/wp\/v2\/tags?post=2205"}],"curies":[{"name":"wp","href":"https:\/\/api.w.org\/{rel}","templated":true}]}}